{"id":172,"date":"2021-11-29T14:32:12","date_gmt":"2021-11-29T13:32:12","guid":{"rendered":"http:\/\/www.fcpe4marcoussis.fr\/?p=172"},"modified":"2021-12-06T12:18:19","modified_gmt":"2021-12-06T11:18:19","slug":"les-regles-du-contact-tracing","status":"publish","type":"post","link":"https:\/\/www.fcpe4marcoussis.fr\/index.php\/2021\/11\/29\/les-regles-du-contact-tracing\/","title":{"rendered":"Les r\u00e8gles du &#8220;contact-tracing&#8221; dans le premier degr\u00e9 \u00e9voluent."},"content":{"rendered":"\n<p>La survenue d\u2019un cas confirm\u00e9 parmi les \u00e9l\u00e8ves n\u2019entra\u00eene plus la fermeture syst\u00e9matique de la classe concern\u00e9e pour une dur\u00e9e de 7 jours. Mais En cas de survenue de&nbsp;<strong>3 cas dans une p\u00e9riode de 7 jours au sein d&#8217;une m\u00eame classe<\/strong>, celle-ci est&nbsp;<strong>ferm\u00e9e<\/strong>.<\/p>\n\n\n\n<p>La classe est ouverte pour tous les \u00e9l\u00e8ves&nbsp;<strong>pr\u00e9sentant un r\u00e9sultat de test n\u00e9gatif.<\/strong>&nbsp;D\u00e8s lors que vous avez connaissance d&#8217;un cas positif au sein de la classe de votre enfant, vous proc\u00e9derez au test pour votre enfant. Vous le ferez parvenir \u00e0 l&#8217;\u00e9cole par mail ou vous le montrerez au portail au directeur si celui-ci est n\u00e9gatif afin que votre enfant puisse \u00eatre accueilli \u00e0 l&#8217;\u00e9cole et y poursuivre les apprentissages en pr\u00e9sentiel.<\/p>\n\n\n\n<hr class=\"wp-block-separator is-style-wide\"\/>\n\n\n\n<h2>Cas des \u00e9l\u00e8ves positifs \u00e0 la COVID-19 ou non test\u00e9s:<\/h2>\n\n\n\n<ul><li>Les \u00e9l\u00e8ves test\u00e9s&nbsp;<strong>positifs<\/strong>&nbsp;\u00e0 la Covid-19 sont isol\u00e9s \u00e0 leur domicile pour une&nbsp;<strong>dur\u00e9e de 10 jours<\/strong>&nbsp;et poursuivent, lorsque leur \u00e9tat de sant\u00e9 le permet, leurs apprentissages \u00e0 la maison.<\/li><li>Les \u00e9l\u00e8ves&nbsp;<strong>non test\u00e9s<\/strong>&nbsp;poursuivent leurs apprentissages \u00e0 la<strong>&nbsp;maison pendant 7 jours<\/strong>. <\/li><li>Un&nbsp;<strong>2e test au bout de 7 jours est fortement conseill\u00e9<\/strong>&nbsp;pour les \u00e9l\u00e8ves qui n\u2019ont pas \u00e9t\u00e9 test\u00e9s positifs lors du 1er test. La pr\u00e9sentation du r\u00e9sultat de ce test n&#8217;est pas obligatoire pour poursuivre ou reprendre les cours en pr\u00e9sentiel.<\/li><\/ul>\n\n\n\n<hr class=\"wp-block-separator is-style-wide\"\/>\n\n\n\n<h2>\u00c9l\u00e8ves cas contact:<\/h2>\n\n\n\n<ul><li>Si un \u00e9l\u00e8ve est<strong>&nbsp;cas contact&nbsp; en dehors de la collectivit\u00e9 scolaire<\/strong>,&nbsp;<strong>et en dehors du foyer familial<\/strong>,&nbsp; il y a&nbsp;<strong>\u00e9viction de 7 jours \u00e0 partir du dernier contact<\/strong>&nbsp;avec r\u00e9alisation d&#8217;un&nbsp;<strong>test \u00e0 J0 et \u00e0 J7<\/strong>&nbsp;ce dernier devra \u00eatre n\u00e9gatif pour lever l&#8217;isolement.<ul><li>Ces pr\u00e9conisations s&#8217;appliquent, par exemple, lorsqu&#8217;un \u00e9l\u00e8ve a \u00e9t\u00e9 en contact avec un cas positif lors de la f\u00eate d&#8217;anniversaire d&#8217;un camarade.<\/li><li>Dans ces situations, les consignes sont donn\u00e9es aux familles des cas contacts ou confirm\u00e9s par la CPAM.<\/li><\/ul><\/li><li>Si un \u00e9l\u00e8ve est<strong>&nbsp;cas contact d\u2019un cas intra-familial dans le foyer, l\u2019\u00e9viction reste de 17 jours.<\/strong><\/li><li>Un&nbsp;<strong>2e test au bout de 7 jours est fortement conseill\u00e9<\/strong>&nbsp;pour les \u00e9l\u00e8ves qui n\u2019ont pas \u00e9t\u00e9 test\u00e9s positifs lors du 1er test. La pr\u00e9sentation du r\u00e9sultat de ce test n&#8217;est pas obligatoire pour poursuivre ou reprendre les cours en pr\u00e9sentiel.<\/li><\/ul>\n\n\n\n<hr class=\"wp-block-separator is-style-wide\"\/>\n\n\n\n<p>Ces mesures s\u2019appliqueront pleinement \u00e0 compter du&nbsp;<strong>lundi 6 d\u00e9cembre 2021.<\/strong><\/p>\n\n\n\n<p>A noter que la&nbsp;<strong>r\u00e9alisation des tests de d\u00e9pistage<\/strong>&nbsp;(PCR ou antig\u00e9niques) suite \u00e0 la survenue d\u2019un cas positif dans la classe de votre enfant, \u00e0 effectuer dans les plus brefs d\u00e9lais,&nbsp;<strong>rel\u00e8ve des familles<\/strong>. Ainsi, vous pourrez vous rendre en pharmacie ou en laboratoire pour faire effectuer ces tests, que vos enfants soient scolaris\u00e9s en \u00e9cole maternelle ou en \u00e9cole \u00e9l\u00e9mentaire.<\/p>\n\n\n\n<p>Les tests \u00e9ligibles sont les tests RT-PCR sur pr\u00e9l\u00e8vement nasopharyng\u00e9 ou salivaire, RT-LAMP ou antig\u00e9nique sur pr\u00e9l\u00e8vement nasopharyng\u00e9. Les <strong>autotests supervis\u00e9s ne sont pas reconnus pour ce type de situation<\/strong>, la r\u00e9glementation ne les autorisant pas chez les personnes contacts d\u2019un cas confirm\u00e9. <strong>Quel que soit le type de test r\u00e9alis\u00e9, les tests sont gratuits pour les mineurs.<\/strong><\/p>\n\n\n\n<p>Les tests pr\u00e9sent\u00e9s par les \u00e9l\u00e8ves ou leurs repr\u00e9sentants l\u00e9gaux ne sont utilis\u00e9s \u00e0 la seule fin de permettre la poursuite des apprentissages en pr\u00e9sentiel des \u00e9l\u00e8ves concern\u00e9s et ne font l\u2019objet d\u2019<strong>aucune conservation par l\u2019\u00e9cole<\/strong>.<\/p>\n\n\n\n<p>Voir aussi le site du <a href=\"https:\/\/www.education.gouv.fr\/covid19-mesures-pour-les-ecoles-colleges-et-lycees-modalites-pratiques-continuite-pedagogique-et-305467\" target=\"_blank\" rel=\"noreferrer noopener\">Minist\u00e8re de l&#8217;Education Nationale<\/a><\/p>\n\n\n\n<hr class=\"wp-block-separator\"\/>\n\n\n\n<h2>Les dispositifs d&#8217;aide \u00e0 la garde des enfants confin\u00e9s :<\/h2>\n\n\n\n<ul><li>Pour les <strong>salari\u00e9s de droit priv\u00e9&nbsp;: activit\u00e9 partielle<\/strong> : Les salari\u00e9s de droit priv\u00e9 qui ne peuvent pas t\u00e9l\u00e9travailler sont plac\u00e9s en activit\u00e9 partielle par leur employeur qui leur versera une indemnisation. L&#8217;un des parents d&#8217;un enfant d\u00e9clar\u00e9 positif au Covid-19 peut b\u00e9n\u00e9ficier d&#8217;un arr\u00eat de travail d\u00e9rogatoire indemnis\u00e9, sans d\u00e9lai de carence, avec un compl\u00e9ment employeur, qu&#8217;il soit vaccin\u00e9 ou non, lorsqu&#8217;il ne peut pas t\u00e9l\u00e9travailler. <\/li><li>Pour les <strong>fonctionnaires&nbsp;: le placement en autorisation sp\u00e9ciale d&#8217;absence (ASA)<\/strong> : Lorsqu&#8217;ils ne peuvent pas t\u00e9l\u00e9travailler, les fonctionnaires travaillant plus de 28 heures hebdomadaires sont plac\u00e9s en autorisation sp\u00e9ciale d&#8217;absence (ASA) et sont indemnis\u00e9s \u00e0 100 % de leur r\u00e9mun\u00e9ration. <\/li><li>Pour les <strong>ind\u00e9pendants, professions lib\u00e9rales, contractuels de droit public&#8230; : un arr\u00eat de travail d\u00e9rogatoire<\/strong> :  Mis en place au printemps&nbsp;2020, le dispositif d&#8217;activit\u00e9 partielle et d&#8217;arr\u00eat de travail sans jour de carence a \u00e9t\u00e9 <strong>r\u00e9activ\u00e9 depuis le 2&nbsp;septembre&nbsp;2021<\/strong> pour les parents d&#8217;enfants \u00e2g\u00e9s de moins de 16&nbsp;ans ou en situation de handicap, sans limite d&#8217;\u00e2ge, qui doivent garder leur enfant.<\/li><\/ul>\n\n\n\n<p>Un d\u00e9cret publi\u00e9 au <em>Journal officiel<\/em> le 30&nbsp;octobre&nbsp;2021 <strong>prolonge jusqu&#8217;au 31&nbsp;d\u00e9cembre&nbsp;2021 inclus le dispositif des arr\u00eats de travail d\u00e9rogatoires Covid-19.<\/strong><\/p>\n","protected":false},"excerpt":{"rendered":"<p>La survenue d\u2019un cas confirm\u00e9 parmi les \u00e9l\u00e8ves n\u2019entra\u00eene plus la fermeture syst\u00e9matique de la classe concern\u00e9e pour une dur\u00e9e de 7 jours. Mais En&#8230;<\/p>\n<div class=\"more-link-wrapper\"><a class=\"more-link\" href=\"https:\/\/www.fcpe4marcoussis.fr\/index.php\/2021\/11\/29\/les-regles-du-contact-tracing\/\">Lire la suite<span class=\"screen-reader-text\">Les r\u00e8gles du &#8220;contact-tracing&#8221; dans le premier degr\u00e9 \u00e9voluent.<\/span><\/a><\/div>\n","protected":false},"author":2,"featured_media":0,"comment_status":"open","ping_status":"open","sticky":false,"template":"","format":"standard","meta":[],"categories":[13,3,17,4,7,5,6],"tags":[],"_links":{"self":[{"href":"https:\/\/www.fcpe4marcoussis.fr\/index.php\/wp-json\/wp\/v2\/posts\/172"}],"collection":[{"href":"https:\/\/www.fcpe4marcoussis.fr\/index.php\/wp-json\/wp\/v2\/posts"}],"about":[{"href":"https:\/\/www.fcpe4marcoussis.fr\/index.php\/wp-json\/wp\/v2\/types\/post"}],"author":[{"embeddable":true,"href":"https:\/\/www.fcpe4marcoussis.fr\/index.php\/wp-json\/wp\/v2\/users\/2"}],"replies":[{"embeddable":true,"href":"https:\/\/www.fcpe4marcoussis.fr\/index.php\/wp-json\/wp\/v2\/comments?post=172"}],"version-history":[{"count":4,"href":"https:\/\/www.fcpe4marcoussis.fr\/index.php\/wp-json\/wp\/v2\/posts\/172\/revisions"}],"predecessor-version":[{"id":180,"href":"https:\/\/www.fcpe4marcoussis.fr\/index.php\/wp-json\/wp\/v2\/posts\/172\/revisions\/180"}],"wp:attachment":[{"href":"https:\/\/www.fcpe4marcoussis.fr\/index.php\/wp-json\/wp\/v2\/media?parent=172"}],"wp:term":[{"taxonomy":"category","embeddable":true,"href":"https:\/\/www.fcpe4marcoussis.fr\/index.php\/wp-json\/wp\/v2\/categories?post=172"},{"taxonomy":"post_tag","embeddable":true,"href":"https:\/\/www.fcpe4marcoussis.fr\/index.php\/wp-json\/wp\/v2\/tags?post=172"}],"curies":[{"name":"wp","href":"https:\/\/api.w.org\/{rel}","templated":true}]}}