{"id":231,"date":"2022-01-17T21:03:20","date_gmt":"2022-01-17T20:03:20","guid":{"rendered":"http:\/\/www.fcpe4marcoussis.fr\/?p=231"},"modified":"2022-01-17T21:12:53","modified_gmt":"2022-01-17T20:12:53","slug":"journee-portes-ouvertes-a-luniversite-paris-saclay-les-samedis-5-02-12-02-et-le-mercredi-3-03","status":"publish","type":"post","link":"https:\/\/www.fcpe4marcoussis.fr\/index.php\/2022\/01\/17\/journee-portes-ouvertes-a-luniversite-paris-saclay-les-samedis-5-02-12-02-et-le-mercredi-3-03\/","title":{"rendered":"Journ\u00e9es portes ouvertes \u00e0 l&#8217;Universit\u00e9 Paris-Saclay les samedis 5\/02, 12\/02 et le mercredi 3\/03"},"content":{"rendered":"\n<blockquote class=\"wp-block-quote\"><p>V\u00e9ritable temps forts de l\u2019ann\u00e9e universitaire, les Journ\u00e9es Portes Ouvertes offrent aux lyc\u00e9ens, ainsi qu\u2019\u00e0 leurs familles, l\u2019opportunit\u00e9 de se renseigner sur les formations dispens\u00e9es \u00e0 l\u2019Universit\u00e9 Paris-Saclay et de d\u00e9couvrir les diff\u00e9rents campus : Sceaux, Orsay, Bures-sur-Yvette, Saclay, Cachan.<\/p><p>Les <mark>JPO<\/mark> sont organis\u00e9es en pr\u00e9sentiel cette ann\u00e9e. Il sera possible d&#8217;\u00e9changer avec les enseignants et \u00e9tudiants sur : les stands des formations, les stands des associations \u00e9tudiantes, les stands des services centraux (orientation, r\u00e9seau des dipl\u00f4m\u00e9s, relations internationales, vie \u00e9tudiante, m\u00e9decine pr\u00e9ventive&#8230;), lors des visites du campus&#8230;<\/p><p>Chaque date de <mark>JPO<\/mark> poss\u00e8de sa sp\u00e9cificit\u00e9. Le 12 f\u00e9vrier, la <mark>JPO<\/mark> se concentre sur le campus de Cachan (\u00e0 l&#8217;IUT de Cachan), tandis que le 9 mars, la <mark>JPO<\/mark> se concentre sur le campus d&#8217;Orsay (\u00e0 l&#8217;IUT d&#8217;Orsay).<\/p><cite><a href=\"https:\/\/www.universite-paris-saclay.fr\/jpo2022\" target=\"_blank\" rel=\"noreferrer noopener\">Universit\u00e9 Paris-Saclay<\/a><\/cite><\/blockquote>\n\n\n\n<div class=\"wp-block-image\"><figure class=\"aligncenter size-full\"><img loading=\"lazy\" width=\"328\" height=\"112\" src=\"http:\/\/www.fcpe4marcoussis.fr\/wp-content\/uploads\/2022\/01\/image-8.png\" alt=\"\" class=\"wp-image-232\" srcset=\"https:\/\/www.fcpe4marcoussis.fr\/wp-content\/uploads\/2022\/01\/image-8.png 328w, https:\/\/www.fcpe4marcoussis.fr\/wp-content\/uploads\/2022\/01\/image-8-300x102.png 300w\" sizes=\"(max-width: 328px) 100vw, 328px\" \/><\/figure><\/div>\n\n\n\n<p><\/p>\n","protected":false},"excerpt":{"rendered":"<p>V\u00e9ritable temps forts de l\u2019ann\u00e9e universitaire, les Journ\u00e9es Portes Ouvertes offrent aux lyc\u00e9ens, ainsi qu\u2019\u00e0 leurs familles, l\u2019opportunit\u00e9 de se renseigner sur les formations dispens\u00e9es&#8230;<\/p>\n<div class=\"more-link-wrapper\"><a class=\"more-link\" href=\"https:\/\/www.fcpe4marcoussis.fr\/index.php\/2022\/01\/17\/journee-portes-ouvertes-a-luniversite-paris-saclay-les-samedis-5-02-12-02-et-le-mercredi-3-03\/\">Lire la suite<span class=\"screen-reader-text\">Journ\u00e9es portes ouvertes \u00e0 l&#8217;Universit\u00e9 Paris-Saclay les samedis 5\/02, 12\/02 et le mercredi 3\/03<\/span><\/a><\/div>\n","protected":false},"author":2,"featured_media":0,"comment_status":"open","ping_status":"open","sticky":false,"template":"","format":"standard","meta":[],"categories":[9,23],"tags":[],"_links":{"self":[{"href":"https:\/\/www.fcpe4marcoussis.fr\/index.php\/wp-json\/wp\/v2\/posts\/231"}],"collection":[{"href":"https:\/\/www.fcpe4marcoussis.fr\/index.php\/wp-json\/wp\/v2\/posts"}],"about":[{"href":"https:\/\/www.fcpe4marcoussis.fr\/index.php\/wp-json\/wp\/v2\/types\/post"}],"author":[{"embeddable":true,"href":"https:\/\/www.fcpe4marcoussis.fr\/index.php\/wp-json\/wp\/v2\/users\/2"}],"replies":[{"embeddable":true,"href":"https:\/\/www.fcpe4marcoussis.fr\/index.php\/wp-json\/wp\/v2\/comments?post=231"}],"version-history":[{"count":2,"href":"https:\/\/www.fcpe4marcoussis.fr\/index.php\/wp-json\/wp\/v2\/posts\/231\/revisions"}],"predecessor-version":[{"id":238,"href":"https:\/\/www.fcpe4marcoussis.fr\/index.php\/wp-json\/wp\/v2\/posts\/231\/revisions\/238"}],"wp:attachment":[{"href":"https:\/\/www.fcpe4marcoussis.fr\/index.php\/wp-json\/wp\/v2\/media?parent=231"}],"wp:term":[{"taxonomy":"category","embeddable":true,"href":"https:\/\/www.fcpe4marcoussis.fr\/index.php\/wp-json\/wp\/v2\/categories?post=231"},{"taxonomy":"post_tag","embeddable":true,"href":"https:\/\/www.fcpe4marcoussis.fr\/index.php\/wp-json\/wp\/v2\/tags?post=231"}],"curies":[{"name":"wp","href":"https:\/\/api.w.org\/{rel}","templated":true}]}}