{"id":73,"date":"2021-03-10T17:52:41","date_gmt":"2021-03-10T16:52:41","guid":{"rendered":"http:\/\/www.fcpe4marcoussis.fr\/?p=73"},"modified":"2021-03-10T17:52:42","modified_gmt":"2021-03-10T16:52:42","slug":"le-retard-scolaire-des-eleves-de-cp-a-cause-du-covid-19-a-ete-rattrape","status":"publish","type":"post","link":"https:\/\/www.fcpe4marcoussis.fr\/index.php\/2021\/03\/10\/le-retard-scolaire-des-eleves-de-cp-a-cause-du-covid-19-a-ete-rattrape\/","title":{"rendered":"Le retard scolaire des \u00e9l\u00e8ves de CP \u00e0 cause du Covid-19 &#8220;a \u00e9t\u00e9 rattrap\u00e9&#8221;"},"content":{"rendered":"\n<p>Une premi\u00e8re \u00e9tude du niveau des \u00e9l\u00e8ves de CP en septembre 2020 avait montr\u00e9 un retard  probablement li\u00e9 \u00e0 la fermeture des \u00e9coles pendant la premi\u00e8re vague de Covid-19. Les r\u00e9sultats des \u00e9valuations men\u00e9es en janvier 2021 montrent que ce retard aurait \u00e9t\u00e9 rattrap\u00e9. <\/p>\n\n\n\n<blockquote class=\"wp-block-quote\"><p>\u00c0 la rentr\u00e9e 2020 les r\u00e9sultats de d\u00e9but CP r\u00e9v\u00e9laient une baisse, tant en fran\u00e7ais qu\u2019en math\u00e9matiques, qui touchait tous les secteurs d\u2019enseignement. Comme on pouvait s\u2019y attendre du fait du confinement, les \u00e9carts entre le secteur hors \u00e9ducation prioritaire et le secteur de l\u2019\u00e9ducation prioritaire augmentaient.<\/p><p><strong>Aujourd\u2019hui, \u00e0 la mi-CP 2021, cette baisse a \u00e9t\u00e9 rattrap\u00e9e et les difficult\u00e9s, compens\u00e9es<\/strong>.\u00a0<\/p><p>On constate en effet\u00a0<em><strong>une am\u00e9lioration des r\u00e9sultats en math\u00e9matiques quel que soit le secteur d\u2019enseignement<\/strong><\/em>, par rapport \u00e0 l\u2019\u00e9valuation de la mi-CP 2020.\u00a0<\/p><p>Pour ce qui concerne\u00a0<em><strong>le fran\u00e7ais, une am\u00e9lioration est constat\u00e9e dans l\u2019enseignement public hors \u00e9ducation prioritaire<\/strong><\/em>, dans les r\u00e9seaux d\u2019\u00e9ducation prioritaire (REP) et dans l\u2019enseignement priv\u00e9.\u00a0<\/p><p>Dans les r\u00e9seaux d\u2019\u00e9ducation prioritaire renforc\u00e9s\u00a0<strong>(REP+)<\/strong>, si les r\u00e9sultats sont plus variables, on observe globalement une\u00a0<strong>stabilisation des comp\u00e9tences test\u00e9es<\/strong>\u00a0: les \u00e9l\u00e8ves ont retrouv\u00e9 le niveau de comp\u00e9tence de janvier 2020.<\/p><p>En parall\u00e8le, depuis la rentr\u00e9e scolaire,\u00a0<em><strong>les \u00e9carts entre \u00e9coles hors \u00e9ducation prioritaire et \u00e9coles en \u00e9ducation prioritaire diminuent<\/strong><\/em>, et ce de fa\u00e7on plus marqu\u00e9e que l\u2019an dernier.\u00a0<\/p><p>Pour autant on constate des \u00e9carts entre les \u00e9coles en \u00e9ducation prioritaire (REP et REP+) et les autres \u00e9coles sup\u00e9rieurs \u00e0 ceux constat\u00e9s \u00e0 la mi-CP en janvier 2020. Ce constat doit \u00eatre mis en regard de la hausse des \u00e9carts entre secteurs observ\u00e9e en d\u00e9but de CP \u00e0 la rentr\u00e9e 2020 par rapport \u00e0 la rentr\u00e9e 2019.\u00a0<\/p><cite><a href=\"https:\/\/www.education.gouv.fr\/resultats-des-evaluations-de-mi-cp-janvier-2021-le-rebond-des-eleves-de-cp-entre-septembre-2020-et-322682\">R\u00e9sultats<\/a> des \u00e9valuations de mi-CP 2021<\/cite><\/blockquote>\n\n\n\n<p><\/p>\n","protected":false},"excerpt":{"rendered":"<p>Une premi\u00e8re \u00e9tude du niveau des \u00e9l\u00e8ves de CP en septembre 2020 avait montr\u00e9 un retard probablement li\u00e9 \u00e0 la fermeture des \u00e9coles pendant la&#8230;<\/p>\n<div class=\"more-link-wrapper\"><a class=\"more-link\" href=\"https:\/\/www.fcpe4marcoussis.fr\/index.php\/2021\/03\/10\/le-retard-scolaire-des-eleves-de-cp-a-cause-du-covid-19-a-ete-rattrape\/\">Lire la suite<span class=\"screen-reader-text\">Le retard scolaire des \u00e9l\u00e8ves de CP \u00e0 cause du Covid-19 &#8220;a \u00e9t\u00e9 rattrap\u00e9&#8221;<\/span><\/a><\/div>\n","protected":false},"author":2,"featured_media":0,"comment_status":"open","ping_status":"open","sticky":false,"template":"","format":"standard","meta":[],"categories":[13,17],"tags":[],"_links":{"self":[{"href":"https:\/\/www.fcpe4marcoussis.fr\/index.php\/wp-json\/wp\/v2\/posts\/73"}],"collection":[{"href":"https:\/\/www.fcpe4marcoussis.fr\/index.php\/wp-json\/wp\/v2\/posts"}],"about":[{"href":"https:\/\/www.fcpe4marcoussis.fr\/index.php\/wp-json\/wp\/v2\/types\/post"}],"author":[{"embeddable":true,"href":"https:\/\/www.fcpe4marcoussis.fr\/index.php\/wp-json\/wp\/v2\/users\/2"}],"replies":[{"embeddable":true,"href":"https:\/\/www.fcpe4marcoussis.fr\/index.php\/wp-json\/wp\/v2\/comments?post=73"}],"version-history":[{"count":1,"href":"https:\/\/www.fcpe4marcoussis.fr\/index.php\/wp-json\/wp\/v2\/posts\/73\/revisions"}],"predecessor-version":[{"id":74,"href":"https:\/\/www.fcpe4marcoussis.fr\/index.php\/wp-json\/wp\/v2\/posts\/73\/revisions\/74"}],"wp:attachment":[{"href":"https:\/\/www.fcpe4marcoussis.fr\/index.php\/wp-json\/wp\/v2\/media?parent=73"}],"wp:term":[{"taxonomy":"category","embeddable":true,"href":"https:\/\/www.fcpe4marcoussis.fr\/index.php\/wp-json\/wp\/v2\/categories?post=73"},{"taxonomy":"post_tag","embeddable":true,"href":"https:\/\/www.fcpe4marcoussis.fr\/index.php\/wp-json\/wp\/v2\/tags?post=73"}],"curies":[{"name":"wp","href":"https:\/\/api.w.org\/{rel}","templated":true}]}}