{"id":77,"date":"2021-03-10T18:19:15","date_gmt":"2021-03-10T17:19:15","guid":{"rendered":"http:\/\/www.fcpe4marcoussis.fr\/?p=77"},"modified":"2021-03-10T18:19:17","modified_gmt":"2021-03-10T17:19:17","slug":"les-odyssees-du-louvre","status":"publish","type":"post","link":"https:\/\/www.fcpe4marcoussis.fr\/index.php\/2021\/03\/10\/les-odyssees-du-louvre\/","title":{"rendered":"Les Odyss\u00e9es du Louvre"},"content":{"rendered":"\n<blockquote class=\"wp-block-quote\"><p>Le mus\u00e9e du Louvre et France Inter s\u2019associent et lancent une s\u00e9rie de podcasts \u00e0 destination des 7-12 ans autour des \u0153uvres et des personnalit\u00e9s du plus grand mus\u00e9e du monde. Plongez dans les tr\u00e9sors de l\u2019histoire du Louvre pour (re)d\u00e9couvrir des \u0153uvres connues ou moins connues du mus\u00e9e dont les parcours croisent des \u00e9pisodes marquants de l\u2019histoire de France.<\/p><cite>Vers le site des <a href=\"https:\/\/www.louvre.fr\/les-odyssees-du-louvre\">Odyss\u00e9es du Louvre<\/a><\/cite><\/blockquote>\n\n\n\n<figure class=\"wp-block-image size-large\"><img loading=\"lazy\" width=\"1024\" height=\"392\" src=\"http:\/\/www.fcpe4marcoussis.fr\/wp-content\/uploads\/2021\/03\/image-1024x392.png\" alt=\"\" class=\"wp-image-78\" srcset=\"https:\/\/www.fcpe4marcoussis.fr\/wp-content\/uploads\/2021\/03\/image-1024x392.png 1024w, https:\/\/www.fcpe4marcoussis.fr\/wp-content\/uploads\/2021\/03\/image-300x115.png 300w, https:\/\/www.fcpe4marcoussis.fr\/wp-content\/uploads\/2021\/03\/image-768x294.png 768w, https:\/\/www.fcpe4marcoussis.fr\/wp-content\/uploads\/2021\/03\/image-1536x589.png 1536w, https:\/\/www.fcpe4marcoussis.fr\/wp-content\/uploads\/2021\/03\/image.png 1842w\" sizes=\"(max-width: 1024px) 100vw, 1024px\" \/><figcaption><a href=\"https:\/\/www.louvre.fr\/les-odyssees-du-louvre\">https:\/\/www.louvre.fr\/les-odyssees-du-louvre<\/a><\/figcaption><\/figure>\n","protected":false},"excerpt":{"rendered":"<p>Le mus\u00e9e du Louvre et France Inter s\u2019associent et lancent une s\u00e9rie de podcasts \u00e0 destination des 7-12 ans autour des \u0153uvres et des personnalit\u00e9s&#8230;<\/p>\n<div class=\"more-link-wrapper\"><a class=\"more-link\" href=\"https:\/\/www.fcpe4marcoussis.fr\/index.php\/2021\/03\/10\/les-odyssees-du-louvre\/\">Lire la suite<span class=\"screen-reader-text\">Les Odyss\u00e9es du Louvre<\/span><\/a><\/div>\n","protected":false},"author":2,"featured_media":0,"comment_status":"open","ping_status":"open","sticky":false,"template":"","format":"standard","meta":[],"categories":[9],"tags":[],"_links":{"self":[{"href":"https:\/\/www.fcpe4marcoussis.fr\/index.php\/wp-json\/wp\/v2\/posts\/77"}],"collection":[{"href":"https:\/\/www.fcpe4marcoussis.fr\/index.php\/wp-json\/wp\/v2\/posts"}],"about":[{"href":"https:\/\/www.fcpe4marcoussis.fr\/index.php\/wp-json\/wp\/v2\/types\/post"}],"author":[{"embeddable":true,"href":"https:\/\/www.fcpe4marcoussis.fr\/index.php\/wp-json\/wp\/v2\/users\/2"}],"replies":[{"embeddable":true,"href":"https:\/\/www.fcpe4marcoussis.fr\/index.php\/wp-json\/wp\/v2\/comments?post=77"}],"version-history":[{"count":1,"href":"https:\/\/www.fcpe4marcoussis.fr\/index.php\/wp-json\/wp\/v2\/posts\/77\/revisions"}],"predecessor-version":[{"id":79,"href":"https:\/\/www.fcpe4marcoussis.fr\/index.php\/wp-json\/wp\/v2\/posts\/77\/revisions\/79"}],"wp:attachment":[{"href":"https:\/\/www.fcpe4marcoussis.fr\/index.php\/wp-json\/wp\/v2\/media?parent=77"}],"wp:term":[{"taxonomy":"category","embeddable":true,"href":"https:\/\/www.fcpe4marcoussis.fr\/index.php\/wp-json\/wp\/v2\/categories?post=77"},{"taxonomy":"post_tag","embeddable":true,"href":"https:\/\/www.fcpe4marcoussis.fr\/index.php\/wp-json\/wp\/v2\/tags?post=77"}],"curies":[{"name":"wp","href":"https:\/\/api.w.org\/{rel}","templated":true}]}}