{"id":87,"date":"2021-03-18T21:35:26","date_gmt":"2021-03-18T20:35:26","guid":{"rendered":"http:\/\/www.fcpe4marcoussis.fr\/?p=87"},"modified":"2021-03-18T21:38:40","modified_gmt":"2021-03-18T20:38:40","slug":"votez-le-projet-monstre-et-merveilles-de-la-nature-du-college-en-competition-pour-le-prix-action-pour-la-planete","status":"publish","type":"post","link":"https:\/\/www.fcpe4marcoussis.fr\/index.php\/2021\/03\/18\/votez-le-projet-monstre-et-merveilles-de-la-nature-du-college-en-competition-pour-le-prix-action-pour-la-planete\/","title":{"rendered":"Votez ! Le projet &#8220;Monstre et Merveilles de la Nature&#8221; du coll\u00e8ge en comp\u00e9tition pour le prix &#8220;Action pour la Plan\u00e8te&#8221;"},"content":{"rendered":"\n<p>Dans le cadre du prix &#8220;Action pour la plan\u00e8te&#8221; du Conseil D\u00e9partementale de l&#8217;Essonne, une \u00e9quipe du Coll\u00e8ge Pierre-Mendes France est en comp\u00e9tition avec son projet &#8220;Monstre et Merveilles de la Nature&#8221;. Cette action contre le d\u00e9crochage scolaire a donn\u00e9 lieu, entre autre, \u00e0 la r\u00e9alisation d&#8217;un film visible <a href=\"https:\/\/vimeo.com\/381614398\/574ede39ed\">ici<\/a><\/p>\n\n\n\n<p><strong>Vous pouvez participer \u00e0 cette comp\u00e9tition en votant <a href=\"http:\/\/action-planete.essonne.fr\/monstres-et-merveilles-de-la-nature\/\">ici<\/a><\/strong><\/p>\n\n\n\n<p>Allez le Coll\u00e8ge !!!!<\/p>\n\n\n\n<blockquote class=\"wp-block-quote\"><p>Le projet :<\/p><p><strong>Un groupe de coll\u00e9giens, aux c\u00f4t\u00e9s d\u2019enseignants s\u2019investissent collectivement dans la r\u00e9alisation d\u2019un court-m\u00e9trage mettant en sc\u00e8ne les enjeux de d\u00e9veloppement durable.<\/strong><\/p><p>R\u00e9alisation d&#8217;un court-m\u00e9trage dans le cadre d&#8217;un \u00ab&nbsp;S\u00e9jour de Coh\u00e9sion&nbsp;\u00bb (3 jours 1er mi- trimestre, p\u00e9riode charni\u00e8re pour une entr\u00e9e au coll\u00e8ge), par une classe de 6\u00e8me constitu\u00e9e sur le principe d\u2019une extr\u00eame h\u00e9t\u00e9rog\u00e9n\u00e9it\u00e9 en concertation avec les \u00e9quipes de CM2 (l&#8217;objectif, pour ces \u00e9l\u00e8ves en difficult\u00e9, \u00e9tant de pr\u00e9venir un \u00ab&nbsp;d\u00e9crochage scolaire&nbsp;\u00bb). &nbsp;Projet pluridisciplinaire con\u00e7u dans le cadre du cours de fran\u00e7ais &#8230;\/&#8230; des arts plastiques (activit\u00e9 de Land Art &nbsp;et rencontre avec l\u2019artiste sculpteur C. Dumont), et des SVT (S\u00e9ances de cours in situ). L&#8217;infirmi\u00e8re scolaire,  joue un r\u00f4le fondamental dans la construction de ce \u00ab&nbsp;Vivre ensemble&nbsp;\u00bb.<\/p><cite>Plus de d\u00e9tails sur le site <a href=\"http:\/\/action-planete.essonne.fr\/monstres-et-merveilles-de-la-nature\/\">Actions pour la Plan\u00e8te<\/a><\/cite><\/blockquote>\n\n\n\n<p>Le palmar\u00e8s du prix Action pour la plan\u00e8te sera d\u00e9voil\u00e9 lors de la C\u00e9r\u00e9monie de remise des prix, le vendredi 4 juin prochain, sous r\u00e9serve de l\u2019\u00e9volution sanitaire, au cours de la \u00ab\u00a0Quinzaine du d\u00e9veloppement durable\u00a0\u00bb au Domaine d\u00e9partemental de Montauger, Maison de l\u2019environnement, \u00e0 Lisses.<\/p>\n","protected":false},"excerpt":{"rendered":"<p>Dans le cadre du prix &#8220;Action pour la plan\u00e8te&#8221; du Conseil D\u00e9partementale de l&#8217;Essonne, une \u00e9quipe du Coll\u00e8ge Pierre-Mendes France est en comp\u00e9tition avec son&#8230;<\/p>\n<div class=\"more-link-wrapper\"><a class=\"more-link\" href=\"https:\/\/www.fcpe4marcoussis.fr\/index.php\/2021\/03\/18\/votez-le-projet-monstre-et-merveilles-de-la-nature-du-college-en-competition-pour-le-prix-action-pour-la-planete\/\">Lire la suite<span class=\"screen-reader-text\">Votez ! Le projet &#8220;Monstre et Merveilles de la Nature&#8221; du coll\u00e8ge en comp\u00e9tition pour le prix &#8220;Action pour la Plan\u00e8te&#8221;<\/span><\/a><\/div>\n","protected":false},"author":2,"featured_media":0,"comment_status":"open","ping_status":"open","sticky":false,"template":"","format":"standard","meta":[],"categories":[8,14],"tags":[],"_links":{"self":[{"href":"https:\/\/www.fcpe4marcoussis.fr\/index.php\/wp-json\/wp\/v2\/posts\/87"}],"collection":[{"href":"https:\/\/www.fcpe4marcoussis.fr\/index.php\/wp-json\/wp\/v2\/posts"}],"about":[{"href":"https:\/\/www.fcpe4marcoussis.fr\/index.php\/wp-json\/wp\/v2\/types\/post"}],"author":[{"embeddable":true,"href":"https:\/\/www.fcpe4marcoussis.fr\/index.php\/wp-json\/wp\/v2\/users\/2"}],"replies":[{"embeddable":true,"href":"https:\/\/www.fcpe4marcoussis.fr\/index.php\/wp-json\/wp\/v2\/comments?post=87"}],"version-history":[{"count":2,"href":"https:\/\/www.fcpe4marcoussis.fr\/index.php\/wp-json\/wp\/v2\/posts\/87\/revisions"}],"predecessor-version":[{"id":89,"href":"https:\/\/www.fcpe4marcoussis.fr\/index.php\/wp-json\/wp\/v2\/posts\/87\/revisions\/89"}],"wp:attachment":[{"href":"https:\/\/www.fcpe4marcoussis.fr\/index.php\/wp-json\/wp\/v2\/media?parent=87"}],"wp:term":[{"taxonomy":"category","embeddable":true,"href":"https:\/\/www.fcpe4marcoussis.fr\/index.php\/wp-json\/wp\/v2\/categories?post=87"},{"taxonomy":"post_tag","embeddable":true,"href":"https:\/\/www.fcpe4marcoussis.fr\/index.php\/wp-json\/wp\/v2\/tags?post=87"}],"curies":[{"name":"wp","href":"https:\/\/api.w.org\/{rel}","templated":true}]}}